{"id":122,"date":"2010-03-30T16:31:38","date_gmt":"2010-03-30T13:31:38","guid":{"rendered":"http:\/\/apua-haitille.local\/uusi\/?p=122"},"modified":"2010-03-30T16:31:38","modified_gmt":"2010-03-30T13:31:38","slug":"haitin-jalleenrakennus-on-jattiurakka-autamme-pitamaan-toivoa-ylla","status":"publish","type":"post","link":"https:\/\/www.apuahaitille.fi\/?p=122","title":{"rendered":"Haitin j\u00e4lleenrakennus on j\u00e4ttiurakka: Autamme pit\u00e4m\u00e4\u00e4n toivoa yll\u00e4"},"content":{"rendered":"<p><em>Artikkeli julkaistu 22.3.2010 KD-lehdess\u00e4. Toimittanut Risto Rasilainen.<\/em><\/p>\n<p>\u2013 Kirous on v\u00e4istym\u00e4ss\u00e4, ja tilalle on tulossa siunaus.<br \/>\nN\u00e4in luonnehtii l\u00e4hetyspastori Martti Falck Haitin tilannetta, yli kaksi kuukautta tuhoisan maanj\u00e4ristyksen j\u00e4lkeen.<\/p>\n<p>Martti Falck on taas palannut Suomeen Haitista. Matka oli jo toinen maanj\u00e4ristyksen j\u00e4lkeinen. Ensimm\u00e4isen matkan aikaan maa eli viel\u00e4 katastrofin aiheuttamassa kollektiivisessa shokissa.<br \/>\n\u2013 Meill\u00e4 t\u00e4\u00e4ll\u00e4 kotona on vaikea tajuta Haitia tammikuussa kohdanneen katastrofin kaikenkattavuutta.<\/p>\n<p>\u2013 Voi sanoa, ettei l\u00f6ydy kovin montaa haitilaista, jota itse\u00e4\u00e4n tai jonka sukulaista, tuttavaa tai yst\u00e4v\u00e4\u00e4 maanj\u00e4ristys ei olisi koskettanut.<\/p>\n<p>Martti Falck sanookin ihmettelev\u00e4ns\u00e4 ja ihailevansa sit\u00e4 asennetta, jolla sik\u00e4l\u00e4iset ihmiset ovat heit\u00e4 kohdanneeseen katastrofiin suhtautuneet.<br \/>\n\u2013 Kyse on maailman k\u00f6yhimpiin kuuluvista ihmisist\u00e4, joilla ennen maanj\u00e4ristyst\u00e4k\u00e4\u00e4n ei ollut oikein mit\u00e4\u00e4n ja nyt viel\u00e4 v\u00e4hemm\u00e4n.<\/p>\n<p>\u2013 Siit\u00e4 huolimatta heid\u00e4n keskuudessaan ei esiinny katkeruutta eik\u00e4 toivottomuutta. Enemminkin l\u00f6ytyy uskoa tulevaisuuteen ja siihen, ett\u00e4 t\u00e4st\u00e4 kyll\u00e4 noustaan.<\/p>\n<h2>Maanj\u00e4ristys yhdisti<\/h2>\n<p>Falck sanookin maanj\u00e4ristyksen, niin hirvitt\u00e4v\u00e4 onnettomuus kuin se olikin, yhdist\u00e4neen kansalaisia ennenkokemattomalla tavalla. Samalla se n\u00e4ytt\u00e4\u00e4 avanneen uuden oven evankeliumin vastaanottamiseen haitilaisten keskuudessa.<br \/>\n\u2013 Aloitin l\u00e4hetysmatkat 2002. Nyt viime k\u00e4ynnill\u00e4ni tapahtui ensimm\u00e4isen kerran, ett\u00e4 en n\u00e4hnyt tai kuullut noitatohtoreista enk\u00e4 voodoo-papeista mit\u00e4\u00e4n.<\/p>\n<p>\u2013 Se mit\u00e4 kohtasin, oli suunnaton kiitollisuus saadusta avusta ja siit\u00e4, ett\u00e4 ylip\u00e4\u00e4t\u00e4\u00e4n oltiin viel\u00e4 elossa. Kuolonuhrien m\u00e4\u00e4r\u00e4h\u00e4n oli suunnaton, yli 217000 henke\u00e4.<\/p>\n<h2>T\u00e4sm\u00e4apua tarvitseville<\/h2>\n<p>Jo ennen tammikuista maanj\u00e4ristyst\u00e4 Haitin pakolaisseurakunnan apulaispastorina Floridassa toiminut Falck on tehnyt ty\u00f6t\u00e4 haitilaisten auttamiseksi.<\/p>\n<p>Matkaohjelmaan jo parillakymmenell\u00e4 Haitin k\u00e4ynnill\u00e4 on kuulunut humanitaarista auttamista, evankeliointikampanjoita sek\u00e4 seurakuntalaisten opettamista.<br \/>\n\u2013 Yhteisty\u00f6kumppaneina meill\u00e4 on ollut paikallisia kirkkoja, seurakuntia ja avustusj\u00e4rjest\u00f6j\u00e4. N\u00e4m\u00e4 suorat kontaktit sik\u00e4l\u00e4isiin ihmisiin ovat taanneet sen, ett\u00e4 apu varmasti menee sinne, miss\u00e4 sit\u00e4 tarvitaan.<\/p>\n<p>Martti Falck korostaa sit\u00e4, miten t\u00e4rke\u00e4\u00e4 on jatkaa haitilaisten avustamista heid\u00e4n j\u00e4lleenrakennusty\u00f6ss\u00e4\u00e4n my\u00f6s tulevaisuudessa. Haitia ei saa unohtaa.<br \/>\n\u2013 Apua Haitille ry on t\u00e4ss\u00e4 hyv\u00e4 kanava, meid\u00e4n kauttamme apu menee juuri sinne, miss\u00e4 sit\u00e4 kipeimmin tarvitaan.<\/p>\n<h2>Orpolapsille erityishuomiota<\/h2>\n<p>Koska Haitin lentokentt\u00e4 yh\u00e4 toimii vaillinaisesti, Falck ja Apua Haitille-yhdistys joutuivat siirtym\u00e4\u00e4n maahan naapurivaltion, Dominikaanisen tasavallan, kautta.<br \/>\n\u2013 Matkaa kuorma-autolla Port-au-Princeen kertyy 650 kilometri\u00e4. Tiest\u00f6n huonon kunnon takia meilt\u00e4 kului siihen kaksi ja puoli p\u00e4iv\u00e4\u00e4. Auton renkaita jouduttiin vaihtamaan kolmeen kertaan.<\/p>\n<p>Ennen kahden naapurivaltion rajanylityst\u00e4 Falck ja avustusmatkaan osallistunut maanviljelij\u00e4 Simo Immonen lastasivat kuorma-auton t\u00e4yteen elintarvikkeita.<br \/>\n\u2013 Matkaan l\u00e4hti riisi\u00e4, pikapuuroa, maissihiutaleita, pastaa, juomavett\u00e4 ja sokeria.<\/p>\n<p>\u2013 Kun elintarvikkeista on krooninen pula, ovat hinnat maanj\u00e4ristyksen j\u00e4ljilt\u00e4 jatkuvasti nousseet. Nyt ne ovat jo kolminkertaistuneet aiemmasta.<\/p>\n<p>M\u00e4\u00e4r\u00e4np\u00e4\u00e4ss\u00e4, Port-au-Princen Delmas-seurakunnassa, ilo oli suuri ruokatavaralastin saavuttua.<br \/>\n\u2013 Eritoten lasten kiitolliset ilmeet koskettavat, sanoo Falck.<\/p>\n<p>\u2013 Orpojen m\u00e4\u00e4r\u00e4 maassa on suuri. Ilman vanhempiaan, vailla ruokaa ja suojaa he ovat heikoimmassa asemassa. Siksi juuri heille annettu apu on ensiarvoisen t\u00e4rke\u00e4\u00e4.<\/p>\n<h2>Tuki haitilaisille elvytt\u00e4\u00e4 koko yhteiskuntaa<\/h2>\n<p>Nyt r\u00e4nt\u00e4lumisessa Suomessa k\u00e4ym\u00e4ss\u00e4 oleva pastori palaa runsaan kuukauden p\u00e4\u00e4st\u00e4 uudelleen Haitiin.<br \/>\n\u2013 Loppukes\u00e4st\u00e4 vuorossa on sitten pidempi reissu, Falck sanoo.<\/p>\n<p>H\u00e4n kertoo vireill\u00e4 olevasta isommasta hankkeesta,  uuden kristillisen koulun perustamisesta Haitiin.<br \/>\n\u2013 Olemme jo k\u00e4yneet neuvotteluja asiassa maan opetusministeri\u00f6n korkean virkamiehen kanssa. Toivomme saavamme tonttimaata koulun rakentamiseksi. Alustavasti t\u00e4h\u00e4n ehdotukseemme on suhtauduttu varauksettoman my\u00f6nteisesti.<br \/>\n\u2013 Haitilaisia on yhdeks\u00e4n ja puoli miljoonaa, joista hieman yli miljoona palavaa kristitty\u00e4.<\/p>\n<p>\u2013 Niin hirvitt\u00e4v\u00e4 onnettomuus kuin tammikuinen maanj\u00e4ristys oli, tuntuu kuin sen seurauksena olisi nyt syntym\u00e4ss\u00e4 uudenlainen, kristillisempi, v\u00e4hemm\u00e4n taikauskoinen ja noituuteen taipuvainen maa.<\/p>\n<p>\u2013 Auttamalla haitilaisia niin aineellisesti kuin hengellisestikin voimme osaltamme vaikuttaa t\u00e4m\u00e4n muutoksen toteutumiseen.<br \/>\n\u2013 T\u00e4ss\u00e4 ty\u00f6ss\u00e4 Apua Haitille ry on luotettava ja tehokas kanava, vakuuttaa pastori.  <\/p>\n<h2>Martti Falck auttamisorganisaatioista: \u201dPienet j\u00e4rjest\u00f6t ovat tehokkaimpia\u201d<\/h2>\n<p>Haitin maan\u00adj\u00e4ristyksen j\u00e4lleenrakennusty\u00f6t\u00e4 paikan p\u00e4\u00e4ll\u00e4 tehnyt ja sit\u00e4 seurannut Martti Falck pit\u00e4\u00e4 pieni\u00e4 avustusj\u00e4rjest\u00f6j\u00e4 tehokkaimpina.<\/p>\n<p>Vaikka haitilaiset tammikuisen luonnonkatastrofin sekasorron j\u00e4lkeen jo ovat osittain p\u00e4\u00e4sseet kiinni arjen el\u00e4m\u00e4\u00e4n, on tilanne maassa yh\u00e4 kaikkea muuta kuin normaali.<br \/>\n\u2013 Romua ja j\u00e4tett\u00e4 n\u00e4kyy maanj\u00e4ristyksen j\u00e4ljilt\u00e4 kaikkialla yh\u00e4 j\u00e4rjett\u00f6mi\u00e4 m\u00e4\u00e4ri\u00e4, sanoo Martti Falck.<\/p>\n<p>Pastorin mukaan n\u00e4in tulee olemaan kauan:<br \/>\n\u2013 Viime k\u00e4ynnill\u00e4ni n\u00e4in vain muutamia kaivureita, muutoin raivausty\u00f6t\u00e4 tehd\u00e4\u00e4n p\u00e4\u00e4asiassa k\u00e4sin.<\/p>\n<p>Iso ongelma, elintarvikkeiden niukkuuden ohella, on juomaveden puute.<\/p>\n<p>\u2013 Haitin juomavesivarannot ovat maailman niukimpia, mik\u00e4 tekee asiasta sit\u00e4kin vaikeamman.<\/p>\n<p> \u2013 Toisaalta haitilaisten yhteishenki ja halu toimia olosuhteidensa parantamiseksi on kova. Avustusj\u00e4rjest\u00f6jen tukijan rooli on siksi ensiarvoisen t\u00e4rke\u00e4.<\/p>\n<h2>YK on liian suuri sopeutumaan<\/h2>\n<p>V\u00e4h\u00e4ttelem\u00e4tt\u00e4 mink\u00e4\u00e4n Haitilla operoivan j\u00e4rjest\u00f6n hyv\u00e4\u00e4 tarkoitusta ja merkityst\u00e4 maan auttamiseksi takaisin jaloilleen, Falck n\u00e4kee silti merkitt\u00e4vi\u00e4 eroja niiden toiminnassa.<br \/>\n\u2013 Yleishavaintoni on, ett\u00e4 tehokkaimmin apua antavat pienehk\u00f6t, muuttuvaan tilanteeseen nopeasti reagoivat j\u00e4rjest\u00f6t.<\/p>\n<p>T\u00e4m\u00e4 n\u00e4kyy Falckin mukaan selv\u00e4sti esimerkiksi YK:n roolissa, jota pastori pit\u00e4\u00e4 liian isona organisaationa  sopeutumaan haitilaiseen todellisuuteen.<br \/>\n\u2013 K\u00e4vimme YK:n avustusleirill\u00e4 rukoilemassa telttoja niit\u00e4 tarvitseville autettavillemme, tuloksetta.<\/p>\n<p>\u2013 Huomattavasti tehokkaammin isoista j\u00e4rjest\u00f6ist\u00e4 toimi Punainen Risti. Varsinkin, kun kyse oli l\u00e4hivaltioista saapuneista j\u00e4rjest\u00f6n auttajista. Heh\u00e4n parhaiten tuntevat ja tiet\u00e4v\u00e4t omaan kulttuuriinsa kuuluvien ihmisten tarpeet ja tavat toimia.<\/p>\n<h2>\u201dYhteiskuntarauha oli pakko turvata\u201d<\/h2>\n<p>My\u00f6s maanj\u00e4ristyksen alkuvaiheissa median paljon kritisoimasta USA:n armeijasta Martti Falckilla on mielipide.<br \/>\n\u2013 Heid\u00e4n merkityksens\u00e4 on ollut korvaamattoman t\u00e4rke\u00e4 yhteiskuntarauhan turvaamisessa, joka oli vaarassa riist\u00e4yty\u00e4 kokonaan hallinnasta. Arvostelu armeijan tavasta toimia on silti oikeutettu: amerikkalaiset eiv\u00e4t Haitillakaan ole ymm\u00e4rt\u00e4neet sovittaa toimintaansa sik\u00e4l\u00e4iseen kulttuuriin, vaan operoineet liiaksi omilla ehdoillaan.<\/p>\n<h2>Kristillisiin avustus\u00adj\u00e4rjest\u00f6ihin luotetaan<\/h2>\n<p>Eristyiskiitoksen Martti Falck haluaa osoittaa Patmos-L\u00e4hetyss\u00e4\u00e4ti\u00f6lle ja sen l\u00e4\u00e4k\u00e4rille Marja Rantaselle.<br \/>\n\u2013 Rantanen alkoi ty\u00f6skennell\u00e4 Haitilla pian maanj\u00e4ristyksen j\u00e4lkeen, ja on jatkanut auttamistaan n\u00e4ihin p\u00e4iviin asti. T\u00e4llaista uhrautuvuutta ja asialle omistautumista ei voi kuin ihailla ja kunnioittaa.<\/p>\n<p>Muutoinkin kristillisten j\u00e4rjest\u00f6jen ja seurakuntien panos auttamisty\u00f6ss\u00e4 on Haitilla ollut huomattava:<br \/>\n\u2013 Kuten yleisesti tiedet\u00e4\u00e4n, on Haitin valtiollinen johto perinteisesti ollut hyvin korruptoitunutta.<\/p>\n<p>\u2013 Siksi monen valtion hallitukset kanavoivat apuaan kristillisten j\u00e4rjest\u00f6jen kautta. Luottamus siihen, ett\u00e4 apu niiden v\u00e4lityksell\u00e4 menee varmasti perille, on rikkumaton, toteaa Falck.<\/p>\n","protected":false},"excerpt":{"rendered":"<p>Artikkeli julkaistu 22.3.2010 KD-lehdess\u00e4. Toimittanut Risto Rasilainen. \u2013 Kirous on v\u00e4istym\u00e4ss\u00e4, ja tilalle on tulossa siunaus. N\u00e4in luonnehtii l\u00e4hetyspastori Martti Falck Haitin tilannetta, yli kaksi kuukautta tuhoisan maanj\u00e4ristyksen j\u00e4lkeen. Martti Falck on taas palannut Suomeen Haitista. Matka oli jo toinen maanj\u00e4ristyksen j\u00e4lkeinen. Ensimm\u00e4isen matkan aikaan maa eli viel\u00e4 katastrofin aiheuttamassa kollektiivisessa shokissa. \u2013 Meill\u00e4 t\u00e4\u00e4ll\u00e4 [&hellip;]<\/p>\n","protected":false},"author":1,"featured_media":0,"comment_status":"closed","ping_status":"open","sticky":false,"template":"","format":"standard","meta":{"footnotes":""},"categories":[2],"tags":[],"class_list":["post-122","post","type-post","status-publish","format-standard","hentry","category-ajankohtaista"],"_links":{"self":[{"href":"https:\/\/www.apuahaitille.fi\/index.php?rest_route=\/wp\/v2\/posts\/122","targetHints":{"allow":["GET"]}}],"collection":[{"href":"https:\/\/www.apuahaitille.fi\/index.php?rest_route=\/wp\/v2\/posts"}],"about":[{"href":"https:\/\/www.apuahaitille.fi\/index.php?rest_route=\/wp\/v2\/types\/post"}],"author":[{"embeddable":true,"href":"https:\/\/www.apuahaitille.fi\/index.php?rest_route=\/wp\/v2\/users\/1"}],"replies":[{"embeddable":true,"href":"https:\/\/www.apuahaitille.fi\/index.php?rest_route=%2Fwp%2Fv2%2Fcomments&post=122"}],"version-history":[{"count":0,"href":"https:\/\/www.apuahaitille.fi\/index.php?rest_route=\/wp\/v2\/posts\/122\/revisions"}],"wp:attachment":[{"href":"https:\/\/www.apuahaitille.fi\/index.php?rest_route=%2Fwp%2Fv2%2Fmedia&parent=122"}],"wp:term":[{"taxonomy":"category","embeddable":true,"href":"https:\/\/www.apuahaitille.fi\/index.php?rest_route=%2Fwp%2Fv2%2Fcategories&post=122"},{"taxonomy":"post_tag","embeddable":true,"href":"https:\/\/www.apuahaitille.fi\/index.php?rest_route=%2Fwp%2Fv2%2Ftags&post=122"}],"curies":[{"name":"wp","href":"https:\/\/api.w.org\/{rel}","templated":true}]}}